{"id":16573,"date":"2020-06-08T13:03:15","date_gmt":"2020-06-08T12:03:15","guid":{"rendered":"https:\/\/tandemfilms.es\/?p=16573"},"modified":"2020-06-08T13:03:15","modified_gmt":"2020-06-08T12:03:15","slug":"rosas-wedding-will-inaugurate-malaga-film-festival","status":"publish","type":"post","link":"https:\/\/tandemfilms.es\/en\/rosas-wedding-will-inaugurate-malaga-film-festival\/","title":{"rendered":"Rosa&#8217;s Wedding will inaugurate Malaga Film Festival"},"content":{"rendered":"<div class=\"QmZWSe\">\n<p id=\"tw-target-text\" class=\"tw-data-text tw-text-large XcVN5d tw-ta\" dir=\"ltr\" data-placeholder=\"Traducci\u00f3n\"><span lang=\"en\">Next August 21, opening date of the 23rd edition of the Malaga Film Festival, our film &#8216;Rosa&#8217;s Wedding&#8217; will be presented at the Festival and released on theaters. Directed by Iciar Bollain and with a cast led by Candela Pe\u00f1a, Sergi L\u00f3pez, Nathalie Poza, Ram\u00f3n Barea and Paula Usero, the film recovers the tone of the director&#8217;s first films, who signs the script among with Alicia Luna. We are looking forward to seeing you in theaters!<\/span><\/p>\n<\/div>\n","protected":false},"excerpt":{"rendered":"<p>Next August 21, opening date of the 23rd edition of the Malaga Film Festival, our film &#8216;Rosa&#8217;s Wedding&#8217; will be presented at the Festival and released on theaters. Directed by Iciar Bollain and with a cast led by Candela Pe\u00f1a, Sergi L\u00f3pez, Nathalie Poza, Ram\u00f3n Barea and Paula Usero, the film recovers the tone of [&hellip;]<\/p>\n","protected":false},"author":2,"featured_media":16571,"comment_status":"open","ping_status":"open","sticky":false,"template":"","format":"standard","meta":{"_et_pb_use_builder":"","_et_pb_old_content":"","_et_gb_content_width":"","footnotes":""},"categories":[203],"tags":[],"class_list":["post-16573","post","type-post","status-publish","format-standard","has-post-thumbnail","hentry","category-uncategorized"],"_links":{"self":[{"href":"https:\/\/tandemfilms.es\/en\/wp-json\/wp\/v2\/posts\/16573","targetHints":{"allow":["GET"]}}],"collection":[{"href":"https:\/\/tandemfilms.es\/en\/wp-json\/wp\/v2\/posts"}],"about":[{"href":"https:\/\/tandemfilms.es\/en\/wp-json\/wp\/v2\/types\/post"}],"author":[{"embeddable":true,"href":"https:\/\/tandemfilms.es\/en\/wp-json\/wp\/v2\/users\/2"}],"replies":[{"embeddable":true,"href":"https:\/\/tandemfilms.es\/en\/wp-json\/wp\/v2\/comments?post=16573"}],"version-history":[{"count":0,"href":"https:\/\/tandemfilms.es\/en\/wp-json\/wp\/v2\/posts\/16573\/revisions"}],"wp:featuredmedia":[{"embeddable":true,"href":"https:\/\/tandemfilms.es\/en\/wp-json\/wp\/v2\/media\/16571"}],"wp:attachment":[{"href":"https:\/\/tandemfilms.es\/en\/wp-json\/wp\/v2\/media?parent=16573"}],"wp:term":[{"taxonomy":"category","embeddable":true,"href":"https:\/\/tandemfilms.es\/en\/wp-json\/wp\/v2\/categories?post=16573"},{"taxonomy":"post_tag","embeddable":true,"href":"https:\/\/tandemfilms.es\/en\/wp-json\/wp\/v2\/tags?post=16573"}],"curies":[{"name":"wp","href":"https:\/\/api.w.org\/{rel}","templated":true}]}}